{"id":348,"date":"2016-02-05T18:27:22","date_gmt":"2016-02-05T17:27:22","guid":{"rendered":"http:\/\/fanahistorielag.no\/wordpress\/?p=348"},"modified":"2017-04-23T17:31:41","modified_gmt":"2017-04-23T15:31:41","slug":"invitasjon-til-foredrag","status":"publish","type":"post","link":"https:\/\/fanahistorielag.no\/wordpress\/?p=348","title":{"rendered":"Invitasjon til foredrag"},"content":{"rendered":"<p>&nbsp;<\/p>\n<p style=\"text-align: center;\"><span style=\"font-weight: 400;\">Torsdag 18. februar 2016, kl 19:30, i Sm\u00e5salen, Fana Kulturhus<\/span><\/p>\n<p style=\"text-align: center;\"><b>\u201dUtviklingen i Fana fra slutten av Store Nordiske krig til 1801\u201d<\/b><\/p>\n<p style=\"text-align: center;\"><b>Foredrag ved Yngve Nedreb\u00f8<\/b><\/p>\n<p style=\"text-align: center;\"><!--more--><\/p>\n<p><span style=\"font-weight: 400;\">I denne perioden gjennomgikk Fana store endringer: delvis overgang til selveie, utvikling av et system med \u201dlystg\u00e5rder\u201d som forutsatte paktere og husmenn og stedvis ga sterk \u00f8kning i prisene p\u00e5 jord og paktningsavgift, sterk innflytting og utflytting samt gryende fokus p\u00e5 modernisering av jordbruk og samferdsel. <\/span><\/p>\n<p><span style=\"font-weight: 400;\">Fana Historielag har v\u00e6rt s\u00e5 heldig \u00e5 f\u00e5 Yngve Nedreb\u00f8 til \u00e5 k\u00e5sere om emnet. Han er statsarkivar ved Statsarkivet i Bergen og en glimrende foredragsholder. <\/span><\/p>\n<p><span style=\"font-weight: 400;\">Vi h\u00e5per &nbsp;mange vil benytte sjansen til \u00e5 f\u00e5 med seg foredraget, og vi \u00f8nsker &nbsp;vel m\u00f8tt! <\/span><\/p>\n<p style=\"text-align: center;\"><span style=\"font-weight: 400;\">Hilsen s<\/span><span style=\"font-weight: 400;\">tyret i&nbsp;<\/span><span style=\"font-weight: 400;\">Fana Historielag<\/span><\/p>\n<p><strong>OBS! Det er gratis parkering i parkeringshuset ved Statoil etter kl. 16:30.<\/strong><\/p>\n","protected":false},"excerpt":{"rendered":"<p>&nbsp; Torsdag 18. februar 2016, kl 19:30, i Sm\u00e5salen, Fana Kulturhus \u201dUtviklingen i Fana fra slutten av Store Nordiske krig til 1801\u201d Foredrag ved Yngve Nedreb\u00f8<\/p>\n","protected":false},"author":1,"featured_media":0,"comment_status":"open","ping_status":"open","sticky":false,"template":"","format":"standard","meta":{"_acf_changed":false,"_jetpack_memberships_contains_paid_content":false,"footnotes":""},"categories":[12],"tags":[],"class_list":["post-348","post","type-post","status-publish","format-standard","hentry","category-invitasjoner"],"acf":[],"jetpack_featured_media_url":"","jetpack_sharing_enabled":true,"_links":{"self":[{"href":"https:\/\/fanahistorielag.no\/wordpress\/index.php?rest_route=\/wp\/v2\/posts\/348","targetHints":{"allow":["GET"]}}],"collection":[{"href":"https:\/\/fanahistorielag.no\/wordpress\/index.php?rest_route=\/wp\/v2\/posts"}],"about":[{"href":"https:\/\/fanahistorielag.no\/wordpress\/index.php?rest_route=\/wp\/v2\/types\/post"}],"author":[{"embeddable":true,"href":"https:\/\/fanahistorielag.no\/wordpress\/index.php?rest_route=\/wp\/v2\/users\/1"}],"replies":[{"embeddable":true,"href":"https:\/\/fanahistorielag.no\/wordpress\/index.php?rest_route=%2Fwp%2Fv2%2Fcomments&post=348"}],"version-history":[{"count":2,"href":"https:\/\/fanahistorielag.no\/wordpress\/index.php?rest_route=\/wp\/v2\/posts\/348\/revisions"}],"predecessor-version":[{"id":477,"href":"https:\/\/fanahistorielag.no\/wordpress\/index.php?rest_route=\/wp\/v2\/posts\/348\/revisions\/477"}],"wp:attachment":[{"href":"https:\/\/fanahistorielag.no\/wordpress\/index.php?rest_route=%2Fwp%2Fv2%2Fmedia&parent=348"}],"wp:term":[{"taxonomy":"category","embeddable":true,"href":"https:\/\/fanahistorielag.no\/wordpress\/index.php?rest_route=%2Fwp%2Fv2%2Fcategories&post=348"},{"taxonomy":"post_tag","embeddable":true,"href":"https:\/\/fanahistorielag.no\/wordpress\/index.php?rest_route=%2Fwp%2Fv2%2Ftags&post=348"}],"curies":[{"name":"wp","href":"https:\/\/api.w.org\/{rel}","templated":true}]}}