{"id":504,"date":"2017-08-30T20:51:02","date_gmt":"2017-08-30T18:51:02","guid":{"rendered":"http:\/\/fanahistorielag.no\/wordpress\/?p=504"},"modified":"2017-08-30T20:51:02","modified_gmt":"2017-08-30T18:51:02","slug":"stend-hovedgard","status":"publish","type":"post","link":"http:\/\/fanahistorielag.no\/wordpress\/?p=504","title":{"rendered":"STEND HOVEDG\u00c5RD"},"content":{"rendered":"<p style=\"text-align: center;\" align=\"center\"><a href=\"http:\/\/fanahistorielag.no\/wordpress\/wp-content\/uploads\/2017\/08\/Stend_hovedg\u00e5rd-1.jpg\"><img loading=\"lazy\" decoding=\"async\" class=\"alignnone size-medium wp-image-506\" src=\"http:\/\/fanahistorielag.no\/wordpress\/wp-content\/uploads\/2017\/08\/Stend_hovedg\u00e5rd-1-300x275.jpg\" alt=\"\" width=\"300\" height=\"275\" srcset=\"http:\/\/fanahistorielag.no\/wordpress\/wp-content\/uploads\/2017\/08\/Stend_hovedg\u00e5rd-1-300x275.jpg 300w, http:\/\/fanahistorielag.no\/wordpress\/wp-content\/uploads\/2017\/08\/Stend_hovedg\u00e5rd-1-768x704.jpg 768w, http:\/\/fanahistorielag.no\/wordpress\/wp-content\/uploads\/2017\/08\/Stend_hovedg\u00e5rd-1.jpg 966w\" sizes=\"auto, (max-width: 300px) 100vw, 300px\" \/><\/a><\/p>\n<p align=\"center\"><span style=\"font-family: Cambria, serif;\"><span style=\"font-size: large;\"><b>Onsdag 6.sept. 2017, kl. 17:00.<\/b><\/span><\/span><\/p>\n<p align=\"justify\"><span style=\"font-family: Cambria, serif;\"><span style=\"font-size: large;\"><b>Fana Historielag inviterer til omvisning i den Historiske Hagen som ble gjen\u00e5pnet h\u00f8sten 2016. Vi skal ogs\u00e5 se oss om i de nyrestaurerte stuene og Riddersalen. Med god historisk orientering, f\u00e5r vi et innblikk i en interessant periode i Fanas historie.<\/b><\/span><\/span><\/p>\n<p align=\"justify\"><span style=\"font-family: Cambria, serif;\"><span style=\"font-size: large;\"><b>Dette bes\u00f8ket kan ogs\u00e5 sees i sammenheng med Yngve Nedreb\u00f8 sitt foredrag om \u201dStend \u2013 kultursentrum gjennom 2000 \u00e5r\u201d i kulturuken, p\u00e5 Fana Kulturhus, Nesttun.<\/b><\/span><\/span><\/p>\n<p align=\"justify\"><span style=\"font-family: Cambria, serif;\"><span style=\"font-size: medium;\"><u><b>Omvisere:<\/b><\/u><\/span><\/span><span style=\"font-family: Cambria, serif;\"><span style=\"font-size: medium;\"><b>&nbsp;Ansvarlig gartner Asbj\u00f8rn Olsmo og&nbsp;<\/b><\/span><\/span><span style=\"font-family: Cambria, serif;\"><span style=\"font-size: medium;\"><b>prosjektleder Ingebj\u00f8rg Engel Astrup<\/b><\/span><\/span><\/p>\n<p align=\"justify\">&nbsp;<\/p>\n<p style=\"text-align: center;\" align=\"justify\"><span style=\"font-family: Cambria, serif;\"><span style=\"font-size: medium;\"><b>Kaffe + noe \u00e5 bite i.<\/b><\/span><\/span><\/p>\n<p style=\"text-align: center;\" align=\"justify\"><span style=\"font-family: Cambria, serif;\"><span style=\"font-size: medium;\"><b>Gratis entre<\/b><\/span><\/span><\/p>\n<p style=\"text-align: center;\" align=\"center\"><span style=\"font-family: Cambria, serif;\"><span style=\"font-size: medium;\"><b>Ta gjerne med en venn.<\/b><\/span><\/span><\/p>\n<p style=\"text-align: center;\" align=\"center\"><span style=\"font-family: Cambria, serif;\"><span style=\"font-size: large;\"><b>VEL M\u00d8TT!<\/b><\/span><\/span><\/p>\n","protected":false},"excerpt":{"rendered":"<p>Onsdag 6.sept. 2017, kl. 17:00. Fana Historielag inviterer til omvisning i den Historiske Hagen som ble gjen\u00e5pnet h\u00f8sten 2016. Vi skal ogs\u00e5 se oss om i de nyrestaurerte stuene og Riddersalen. Med god historisk orientering, f\u00e5r vi et innblikk i en interessant periode i Fanas historie. Dette bes\u00f8ket kan ogs\u00e5 sees i sammenheng med Yngve &hellip; <a href=\"http:\/\/fanahistorielag.no\/wordpress\/?p=504\" class=\"more-link\">Fortsett \u00e5 lese <span class=\"screen-reader-text\">STEND HOVEDG\u00c5RD<\/span> <span class=\"meta-nav\">&rarr;<\/span><\/a><\/p>\n","protected":false},"author":1,"featured_media":0,"comment_status":"open","ping_status":"open","sticky":false,"template":"","format":"standard","meta":{"_acf_changed":false,"_jetpack_memberships_contains_paid_content":false,"footnotes":""},"categories":[1],"tags":[],"class_list":["post-504","post","type-post","status-publish","format-standard","hentry","category-uten-kategori"],"acf":[],"jetpack_featured_media_url":"","jetpack_sharing_enabled":true,"_links":{"self":[{"href":"http:\/\/fanahistorielag.no\/wordpress\/index.php?rest_route=\/wp\/v2\/posts\/504","targetHints":{"allow":["GET"]}}],"collection":[{"href":"http:\/\/fanahistorielag.no\/wordpress\/index.php?rest_route=\/wp\/v2\/posts"}],"about":[{"href":"http:\/\/fanahistorielag.no\/wordpress\/index.php?rest_route=\/wp\/v2\/types\/post"}],"author":[{"embeddable":true,"href":"http:\/\/fanahistorielag.no\/wordpress\/index.php?rest_route=\/wp\/v2\/users\/1"}],"replies":[{"embeddable":true,"href":"http:\/\/fanahistorielag.no\/wordpress\/index.php?rest_route=%2Fwp%2Fv2%2Fcomments&post=504"}],"version-history":[{"count":3,"href":"http:\/\/fanahistorielag.no\/wordpress\/index.php?rest_route=\/wp\/v2\/posts\/504\/revisions"}],"predecessor-version":[{"id":509,"href":"http:\/\/fanahistorielag.no\/wordpress\/index.php?rest_route=\/wp\/v2\/posts\/504\/revisions\/509"}],"wp:attachment":[{"href":"http:\/\/fanahistorielag.no\/wordpress\/index.php?rest_route=%2Fwp%2Fv2%2Fmedia&parent=504"}],"wp:term":[{"taxonomy":"category","embeddable":true,"href":"http:\/\/fanahistorielag.no\/wordpress\/index.php?rest_route=%2Fwp%2Fv2%2Fcategories&post=504"},{"taxonomy":"post_tag","embeddable":true,"href":"http:\/\/fanahistorielag.no\/wordpress\/index.php?rest_route=%2Fwp%2Fv2%2Ftags&post=504"}],"curies":[{"name":"wp","href":"https:\/\/api.w.org\/{rel}","templated":true}]}}